{"id":10967,"date":"2025-06-06T09:08:55","date_gmt":"2025-06-06T09:08:55","guid":{"rendered":"https:\/\/besto.pl\/?p=10967"},"modified":"2025-06-06T09:09:56","modified_gmt":"2025-06-06T09:09:56","slug":"jak-zabezpieczyc-meble-i-urzadzenia-przed-przeprowadzka-biura","status":"publish","type":"post","link":"https:\/\/besto.pl\/en\/jak-zabezpieczyc-meble-i-urzadzenia-przed-przeprowadzka-biura\/","title":{"rendered":"Jak zabezpieczy\u0107 meble i urz\u0105dzenia przed przeprowadzk\u0105 biura?"},"content":{"rendered":"<h3 data-start=\"308\" data-end=\"389\">Przeprowadzki firm w Warszawie \u2013 jak zorganizowa\u0107 je bez stresu i przestoj\u00f3w?<\/h3>\n<p data-start=\"391\" data-end=\"862\"><a href=\"https:\/\/besto.pl\/en\/przeprowadzki\/przeprowadzki-firm\/\"><strong data-start=\"391\" data-end=\"413\">Przeprowadzki firm<\/strong> wymagaj\u0105 szczeg\u00f3lnej uwagi<\/a>, przede wszystkim ze wzgl\u0119du na konieczno\u015b\u0107 prawid\u0142owej organizacji ca\u0142ego procesu, aby nie zak\u0142\u00f3ci\u0142 bie\u017c\u0105cej dzia\u0142alno\u015bci biura. Niezb\u0119dne jest wi\u0119c <strong data-start=\"591\" data-end=\"626\">dok\u0142adne zaplanowanie relokacji<\/strong>. Harmonogram nie mo\u017ce obejmowa\u0107 jedynie kwestii transportu czy termin\u00f3w realizacji poszczeg\u00f3lnych etap\u00f3w. Nale\u017cy okre\u015bli\u0107 r\u00f3wnie\u017c czynno\u015bci przygotowawcze \u2013 w tym przede wszystkim <strong data-start=\"807\" data-end=\"861\">zabezpieczenie wszystkich przewo\u017conych przedmiot\u00f3w<\/strong>.<\/p>\n<hr data-start=\"864\" data-end=\"867\" \/>\n<h3 data-start=\"869\" data-end=\"917\">Jak zabezpieczy\u0107 sprz\u0119t i wyposa\u017cenie biura?<\/h3>\n<p data-start=\"919\" data-end=\"1320\">Szczeg\u00f3ln\u0105 uwag\u0119 nale\u017cy skierowa\u0107 na urz\u0105dzenia elektroniczne, kt\u00f3re w wielu przypadkach wymagaj\u0105 dodatkowych zabezpiecze\u0144. Doskonale do tego celu sprawdzaj\u0105 si\u0119 <strong data-start=\"1081\" data-end=\"1100\">folia b\u0105belkowa<\/strong>, <strong data-start=\"1102\" data-end=\"1121\">pianki ochronne<\/strong>, <strong data-start=\"1123\" data-end=\"1147\">styropianowe wk\u0142adki<\/strong> czy inne mi\u0119kkie wype\u0142niacze, kt\u00f3re chroni\u0105 sprz\u0119t przed uszkodzeniem. Dotyczy to przede wszystkim monitor\u00f3w \u2013 ich ekrany s\u0105 wyj\u0105tkowo podatne na zarysowania lub p\u0119kni\u0119cia.<\/p>\n<h4 data-start=\"1322\" data-end=\"1392\">&#x2705; Checklista materia\u0142\u00f3w zabezpieczaj\u0105cych \u2013 co warto przygotowa\u0107?<\/h4>\n<div class=\"_tableContainer_16hzy_1\">\n<div class=\"_tableWrapper_16hzy_14 group flex w-fit flex-col-reverse\" tabindex=\"-1\">\n<table class=\"w-fit min-w-(--thread-content-width)\" data-start=\"1394\" data-end=\"1947\">\n<thead data-start=\"1394\" data-end=\"1484\">\n<tr data-start=\"1394\" data-end=\"1484\">\n<th data-start=\"1394\" data-end=\"1419\" data-col-size=\"sm\">Zastosowanie<\/th>\n<th data-start=\"1419\" data-end=\"1484\" data-col-size=\"md\">Materia\u0142 zabezpieczaj\u0105cy<\/th>\n<\/tr>\n<\/thead>\n<tbody data-start=\"1576\" data-end=\"1947\">\n<tr data-start=\"1576\" data-end=\"1670\">\n<td data-start=\"1576\" data-end=\"1601\" data-col-size=\"sm\">Sprz\u0119t elektroniczny<\/td>\n<td data-col-size=\"md\" data-start=\"1601\" data-end=\"1670\">Folia b\u0105belkowa, pianki, poduszki powietrzne, kartony z wk\u0142adkami<\/td>\n<\/tr>\n<tr data-start=\"1671\" data-end=\"1761\">\n<td data-start=\"1671\" data-end=\"1696\" data-col-size=\"sm\">Meble biurowe<\/td>\n<td data-col-size=\"md\" data-start=\"1696\" data-end=\"1761\">Folia stretch, plandeki, ochraniacze na rogi i kanty<\/td>\n<\/tr>\n<tr data-start=\"1762\" data-end=\"1856\">\n<td data-start=\"1762\" data-end=\"1787\" data-col-size=\"sm\">Dokumentacja<\/td>\n<td data-col-size=\"md\" data-start=\"1787\" data-end=\"1856\">Kartony zamykane, plastikowe pojemniki z klipsami, ta\u015bmy z plomb\u0105<\/td>\n<\/tr>\n<tr data-start=\"1857\" data-end=\"1947\">\n<td data-start=\"1857\" data-end=\"1882\" data-col-size=\"sm\">Rzeczy osobiste<\/td>\n<td data-col-size=\"md\" data-start=\"1882\" data-end=\"1947\">Mniejsze pude\u0142ka lub skrzynki opisane nazwiskiem pracownika<\/td>\n<\/tr>\n<\/tbody>\n<\/table>\n<div class=\"sticky end-(--thread-content-margin) h-0 self-end select-none\">\n<div class=\"absolute end-0 flex items-end\"><\/div>\n<\/div>\n<\/div>\n<\/div>\n<hr data-start=\"1949\" data-end=\"1952\" \/>\n<h3 data-start=\"1954\" data-end=\"2015\">Przeprowadzki biur Warszawa \u2013 jak zaplanowa\u0107 harmonogram?<\/h3>\n<p data-start=\"2017\" data-end=\"2217\">Odpowiedni harmonogram to podstawa ka\u017cdej sprawnej przeprowadzki. Warto zaplanowa\u0107 nie tylko termin relokacji, ale r\u00f3wnie\u017c wcze\u015bniejsze dzia\u0142ania przygotowawcze. Przyk\u0142adowy podzia\u0142 mo\u017ce wygl\u0105da\u0107 tak:<\/p>\n<ol data-start=\"2219\" data-end=\"2701\">\n<li data-start=\"2219\" data-end=\"2314\">\n<p data-start=\"2222\" data-end=\"2314\"><strong data-start=\"2222\" data-end=\"2236\">Tydzie\u0144 1:<\/strong> Inwentaryzacja sprz\u0119tu i mebli, przypisanie os\u00f3b odpowiedzialnych w dzia\u0142ach.<\/p>\n<\/li>\n<li data-start=\"2315\" data-end=\"2418\">\n<p data-start=\"2318\" data-end=\"2418\"><strong data-start=\"2318\" data-end=\"2332\">Tydzie\u0144 2:<\/strong> Dostarczenie materia\u0142\u00f3w pakunkowych i rozpocz\u0119cie pakowania mniej potrzebnych rzeczy.<\/p>\n<\/li>\n<li data-start=\"2419\" data-end=\"2507\">\n<p data-start=\"2422\" data-end=\"2507\"><strong data-start=\"2422\" data-end=\"2436\">Tydzie\u0144 3:<\/strong> Ostateczne pakowanie, oznaczanie karton\u00f3w, zabezpieczanie elektroniki.<\/p>\n<\/li>\n<li data-start=\"2508\" data-end=\"2594\">\n<p data-start=\"2511\" data-end=\"2594\"><strong data-start=\"2511\" data-end=\"2531\">Dzie\u0144 relokacji:<\/strong> Transport i roz\u0142adunek wg zaplanowanej kolejno\u015bci pomieszcze\u0144.<\/p>\n<\/li>\n<li data-start=\"2595\" data-end=\"2701\">\n<p data-start=\"2598\" data-end=\"2701\"><strong data-start=\"2598\" data-end=\"2625\">Dzie\u0144 po przeprowadzce:<\/strong> Sprawdzenie stanu wyposa\u017cenia, testy sprz\u0119tu, przywr\u00f3cenie ci\u0105g\u0142o\u015bci pracy.<\/p>\n<\/li>\n<\/ol>\n<p data-start=\"2703\" data-end=\"2831\">Dobr\u0105 praktyk\u0105 jest r\u00f3wnie\u017c <strong data-start=\"2731\" data-end=\"2763\">przenoszenie dzia\u0142\u00f3w etapami<\/strong>, a nie ca\u0142o\u015bci naraz \u2013 pozwala to unikn\u0105\u0107 przestoju w ca\u0142ej firmie.<\/p>\n<hr data-start=\"2833\" data-end=\"2836\" \/>\n<h3 data-start=\"2838\" data-end=\"2901\">Najcz\u0119stsze b\u0142\u0119dy pope\u0142niane przy przeprowadzkach biurowych<\/h3>\n<p data-start=\"2903\" data-end=\"3012\">Organizacja przeprowadzki to z\u0142o\u017cony proces. Oto kilka b\u0142\u0119d\u00f3w, kt\u00f3re mog\u0105 op\u00f3\u017ani\u0107 lub skomplikowa\u0107 relokacj\u0119:<\/p>\n<ul data-start=\"3014\" data-end=\"3461\">\n<li data-start=\"3014\" data-end=\"3118\">\n<p data-start=\"3016\" data-end=\"3118\">&#x1f534; <strong data-start=\"3019\" data-end=\"3036\">Brak oznacze\u0144<\/strong> na kartonach \u2013 bez jasnych etykiet trudno cokolwiek odnale\u017a\u0107 w nowej lokalizacji.<\/p>\n<\/li>\n<li data-start=\"3119\" data-end=\"3243\">\n<p data-start=\"3121\" data-end=\"3243\">&#x1f534; <strong data-start=\"3124\" data-end=\"3159\">Niewystarczaj\u0105ce zabezpieczenia<\/strong> sprz\u0119tu \u2013 cz\u0119sto sprz\u0119t IT jest pakowany &#8222;na szybko&#8221;, bez ochrony ekranu czy kabli.<\/p>\n<\/li>\n<li data-start=\"3244\" data-end=\"3350\">\n<p data-start=\"3246\" data-end=\"3350\">&#x1f534; <strong data-start=\"3249\" data-end=\"3285\">Za p\u00f3\u017ane rozpocz\u0119cie przygotowa\u0144<\/strong> \u2013 wiele firm zaczyna planowa\u0107 dopiero kilka dni przed relokacj\u0105.<\/p>\n<\/li>\n<li data-start=\"3351\" data-end=\"3461\">\n<p data-start=\"3353\" data-end=\"3461\">&#x1f534; <strong data-start=\"3356\" data-end=\"3392\">Brak rezerwowego planu dzia\u0142ania<\/strong> \u2013 np. co zrobi\u0107 w razie op\u00f3\u017anienia w transporcie lub awarii sprz\u0119tu.<\/p>\n<\/li>\n<\/ul>\n<hr data-start=\"3463\" data-end=\"3466\" \/>\n<h3 data-start=\"3468\" data-end=\"3543\">Rola pracownik\u00f3w w przeprowadzce \u2013 nie wszystko na barkach kierownictwa<\/h3>\n<p data-start=\"3545\" data-end=\"3666\">Cho\u0107 wiele zada\u0144 mo\u017ce zrealizowa\u0107 firma przeprowadzkowa, warto <strong data-start=\"3608\" data-end=\"3631\">w\u0142\u0105czy\u0107 pracownik\u00f3w<\/strong> w przygotowania. Najlepiej, je\u015bli:<\/p>\n<ul data-start=\"3667\" data-end=\"3937\">\n<li data-start=\"3667\" data-end=\"3752\">\n<p data-start=\"3669\" data-end=\"3752\">spakuj\u0105 swoje rzeczy osobiste (np. materia\u0142y papiernicze, ksi\u0105\u017cki, kubki, notatki),<\/p>\n<\/li>\n<li data-start=\"3753\" data-end=\"3839\">\n<p data-start=\"3755\" data-end=\"3839\">zostan\u0105 wcze\u015bniej poinformowani o harmonogramie i ewentualnych dniach pracy zdalnej,<\/p>\n<\/li>\n<li data-start=\"3840\" data-end=\"3937\">\n<p data-start=\"3842\" data-end=\"3937\">zg\u0142osz\u0105 potrzeby dotycz\u0105ce nowego stanowiska pracy (np. ustawienie biurka, dost\u0119p do gniazdka).<\/p>\n<\/li>\n<\/ul>\n<p data-start=\"3939\" data-end=\"4026\">Dzi\u0119ki temu minimalizuje si\u0119 chaos i skraca czas potrzebny na rozpakowanie i adaptacj\u0119.<\/p>\n<hr data-start=\"4028\" data-end=\"4031\" \/>\n<h3 data-start=\"4033\" data-end=\"4073\">Kiedy najlepiej przeprowadzi\u0107 biuro?<\/h3>\n<p data-start=\"4075\" data-end=\"4125\">Aby unikn\u0105\u0107 przestoju, warto zaplanowa\u0107 relokacj\u0119:<\/p>\n<ul data-start=\"4126\" data-end=\"4324\">\n<li data-start=\"4126\" data-end=\"4188\">\n<p data-start=\"4128\" data-end=\"4188\"><strong data-start=\"4128\" data-end=\"4141\">w weekend<\/strong>, je\u015bli firma nie pracuje w soboty i niedziele,<\/p>\n<\/li>\n<li data-start=\"4189\" data-end=\"4249\">\n<p data-start=\"4191\" data-end=\"4249\"><strong data-start=\"4191\" data-end=\"4213\">wieczorem lub noc\u0105<\/strong>, je\u015bli dzia\u0142acie w trybie dziennym,<\/p>\n<\/li>\n<li data-start=\"4250\" data-end=\"4324\">\n<p data-start=\"4252\" data-end=\"4324\">lub <strong data-start=\"4256\" data-end=\"4279\">w trybie rotacyjnym<\/strong>, przenosz\u0105c tylko cz\u0119\u015b\u0107 zespo\u0142u danego dnia.<\/p>\n<\/li>\n<\/ul>\n<p data-start=\"4326\" data-end=\"4463\">Elastyczne podej\u015bcie i wsp\u00f3\u0142praca z firm\u0105 przeprowadzkow\u0105 pozwala dostosowa\u0107 logistyk\u0119 do rytmu pracy firmy, bez nara\u017cania jej na straty.<\/p>\n<hr data-start=\"4465\" data-end=\"4468\" \/>\n<h3 data-start=\"4470\" data-end=\"4540\">Przeprowadzki biurowe Warszawa \u2013 czy warto zatrudni\u0107 specjalist\u00f3w?<\/h3>\n<p data-start=\"4542\" data-end=\"4810\">Warto pami\u0119ta\u0107, \u017ce <strong data-start=\"4561\" data-end=\"4618\">przeprowadzki biurowe w Warszawie mog\u0105 by\u0107 k\u0142opotliwe<\/strong>, je\u015bli firma nie dysponuje odpowiednimi materia\u0142ami zabezpieczaj\u0105cymi. Zwykle nie przechowujemy oryginalnych karton\u00f3w od sprz\u0119tu, a dob\u00f3r odpowiednich opakowa\u0144 mo\u017ce by\u0107 trudny i czasoch\u0142onny.<\/p>\n<p data-start=\"4812\" data-end=\"5107\">Dlatego coraz wi\u0119cej firm decyduje si\u0119 na <strong data-start=\"4854\" data-end=\"4892\">kompleksowe us\u0142ugi przeprowadzkowe<\/strong> \u2013 \u0142\u0105cznie z pakowaniem, transportem, zabezpieczaniem i roz\u0142adunkiem. Profesjonalna ekipa nie tylko wie, <strong data-start=\"4997\" data-end=\"5030\">jak ochroni\u0107 delikatny sprz\u0119t<\/strong>, ale te\u017c przeprowadza relokacj\u0119 <strong data-start=\"5063\" data-end=\"5088\">szybko i bez zak\u0142\u00f3ce\u0144<\/strong> w dzia\u0142aniu firmy.<\/p>","protected":false},"excerpt":{"rendered":"<p>Przeprowadzki firm w Warszawie \u2013 jak zorganizowa\u0107 je bez stresu i przestoj\u00f3w? Przeprowadzki firm wymagaj\u0105 szczeg\u00f3lnej uwagi, przede wszystkim ze<\/p>","protected":false},"author":1,"featured_media":10876,"comment_status":"closed","ping_status":"closed","sticky":false,"template":"","format":"standard","meta":{"footnotes":""},"categories":[108],"tags":[],"class_list":["post-10967","post","type-post","status-publish","format-standard","has-post-thumbnail","hentry","category-blog"],"yoast_head":"<!-- This site is optimized with the Yoast SEO plugin v26.1.1 - https:\/\/yoast.com\/wordpress\/plugins\/seo\/ -->\n<title>Jak zabezpieczy\u0107 meble i urz\u0105dzenia przed przeprowadzk\u0105 biura? - Przeprowadzki dom\u00f3w i mieszka\u0144 Warszawa - Besto<\/title>\n<meta name=\"robots\" content=\"index, follow, max-snippet:-1, max-image-preview:large, max-video-preview:-1\" \/>\n<link rel=\"canonical\" href=\"https:\/\/besto.pl\/en\/jak-zabezpieczyc-meble-i-urzadzenia-przed-przeprowadzka-biura\/\" \/>\n<meta property=\"og:locale\" content=\"en_GB\" \/>\n<meta property=\"og:type\" content=\"article\" \/>\n<meta property=\"og:title\" content=\"Jak zabezpieczy\u0107 meble i urz\u0105dzenia przed przeprowadzk\u0105 biura? - Przeprowadzki dom\u00f3w i mieszka\u0144 Warszawa - Besto\" \/>\n<meta property=\"og:description\" content=\"Przeprowadzki firm w Warszawie \u2013 jak zorganizowa\u0107 je bez stresu i przestoj\u00f3w? Przeprowadzki firm wymagaj\u0105 szczeg\u00f3lnej uwagi, przede wszystkim ze\" \/>\n<meta property=\"og:url\" content=\"https:\/\/besto.pl\/en\/jak-zabezpieczyc-meble-i-urzadzenia-przed-przeprowadzka-biura\/\" \/>\n<meta property=\"og:site_name\" content=\"Przeprowadzki dom\u00f3w i mieszka\u0144 Warszawa - Besto\" \/>\n<meta property=\"article:published_time\" content=\"2025-06-06T09:08:55+00:00\" \/>\n<meta property=\"article:modified_time\" content=\"2025-06-06T09:09:56+00:00\" \/>\n<meta property=\"og:image\" content=\"https:\/\/besto.pl\/wp-content\/uploads\/2025\/05\/przeprowadzki-firm-2.webp\" \/>\n\t<meta property=\"og:image:width\" content=\"960\" \/>\n\t<meta property=\"og:image:height\" content=\"450\" \/>\n\t<meta property=\"og:image:type\" content=\"image\/webp\" \/>\n<meta name=\"author\" content=\"admin\" \/>\n<meta name=\"twitter:card\" content=\"summary_large_image\" \/>\n<meta name=\"twitter:label1\" content=\"Written by\" \/>\n\t<meta name=\"twitter:data1\" content=\"admin\" \/>\n\t<meta name=\"twitter:label2\" content=\"Estimated reading time\" \/>\n\t<meta name=\"twitter:data2\" content=\"4 minutes\" \/>\n<script type=\"application\/ld+json\" class=\"yoast-schema-graph\">{\"@context\":\"https:\/\/schema.org\",\"@graph\":[{\"@type\":\"WebPage\",\"@id\":\"https:\/\/besto.pl\/jak-zabezpieczyc-meble-i-urzadzenia-przed-przeprowadzka-biura\/\",\"url\":\"https:\/\/besto.pl\/jak-zabezpieczyc-meble-i-urzadzenia-przed-przeprowadzka-biura\/\",\"name\":\"Jak zabezpieczy\u0107 meble i urz\u0105dzenia przed przeprowadzk\u0105 biura? - Przeprowadzki dom\u00f3w i mieszka\u0144 Warszawa - Besto\",\"isPartOf\":{\"@id\":\"https:\/\/besto.pl\/#website\"},\"primaryImageOfPage\":{\"@id\":\"https:\/\/besto.pl\/jak-zabezpieczyc-meble-i-urzadzenia-przed-przeprowadzka-biura\/#primaryimage\"},\"image\":{\"@id\":\"https:\/\/besto.pl\/jak-zabezpieczyc-meble-i-urzadzenia-przed-przeprowadzka-biura\/#primaryimage\"},\"thumbnailUrl\":\"https:\/\/besto.pl\/wp-content\/uploads\/2025\/05\/przeprowadzki-firm-2.webp\",\"datePublished\":\"2025-06-06T09:08:55+00:00\",\"dateModified\":\"2025-06-06T09:09:56+00:00\",\"author\":{\"@id\":\"https:\/\/besto.pl\/#\/schema\/person\/09f1747715a2d56a868cb3d1037124a6\"},\"breadcrumb\":{\"@id\":\"https:\/\/besto.pl\/jak-zabezpieczyc-meble-i-urzadzenia-przed-przeprowadzka-biura\/#breadcrumb\"},\"inLanguage\":\"en-GB\",\"potentialAction\":[{\"@type\":\"ReadAction\",\"target\":[\"https:\/\/besto.pl\/jak-zabezpieczyc-meble-i-urzadzenia-przed-przeprowadzka-biura\/\"]}]},{\"@type\":\"ImageObject\",\"inLanguage\":\"en-GB\",\"@id\":\"https:\/\/besto.pl\/jak-zabezpieczyc-meble-i-urzadzenia-przed-przeprowadzka-biura\/#primaryimage\",\"url\":\"https:\/\/besto.pl\/wp-content\/uploads\/2025\/05\/przeprowadzki-firm-2.webp\",\"contentUrl\":\"https:\/\/besto.pl\/wp-content\/uploads\/2025\/05\/przeprowadzki-firm-2.webp\",\"width\":960,\"height\":450},{\"@type\":\"BreadcrumbList\",\"@id\":\"https:\/\/besto.pl\/jak-zabezpieczyc-meble-i-urzadzenia-przed-przeprowadzka-biura\/#breadcrumb\",\"itemListElement\":[{\"@type\":\"ListItem\",\"position\":1,\"name\":\"Strona g\u0142\u00f3wna\",\"item\":\"https:\/\/besto.pl\/\"},{\"@type\":\"ListItem\",\"position\":2,\"name\":\"Jak zabezpieczy\u0107 meble i urz\u0105dzenia przed przeprowadzk\u0105 biura?\"}]},{\"@type\":\"WebSite\",\"@id\":\"https:\/\/besto.pl\/#website\",\"url\":\"https:\/\/besto.pl\/\",\"name\":\"Przeprowadzki dom\u00f3w i mieszka\u0144 Warszawa - Besto\",\"description\":\"Przeprowadzki dom\u00f3w i mieszka\u0144 Warszawa - Besto\",\"potentialAction\":[{\"@type\":\"SearchAction\",\"target\":{\"@type\":\"EntryPoint\",\"urlTemplate\":\"https:\/\/besto.pl\/?s={search_term_string}\"},\"query-input\":{\"@type\":\"PropertyValueSpecification\",\"valueRequired\":true,\"valueName\":\"search_term_string\"}}],\"inLanguage\":\"en-GB\"},{\"@type\":\"Person\",\"@id\":\"https:\/\/besto.pl\/#\/schema\/person\/09f1747715a2d56a868cb3d1037124a6\",\"name\":\"admin\",\"image\":{\"@type\":\"ImageObject\",\"inLanguage\":\"en-GB\",\"@id\":\"https:\/\/besto.pl\/#\/schema\/person\/image\/\",\"url\":\"https:\/\/secure.gravatar.com\/avatar\/5bea336921408be1dacad3354e63f2df2e7a116dcf189962cf1b5b120d66bc9c?s=96&d=mm&r=g\",\"contentUrl\":\"https:\/\/secure.gravatar.com\/avatar\/5bea336921408be1dacad3354e63f2df2e7a116dcf189962cf1b5b120d66bc9c?s=96&d=mm&r=g\",\"caption\":\"admin\"}}]}<\/script>\n<!-- \/ Yoast SEO plugin. -->","yoast_head_json":{"title":"Jak zabezpieczy\u0107 meble i urz\u0105dzenia przed przeprowadzk\u0105 biura? - Przeprowadzki dom\u00f3w i mieszka\u0144 Warszawa - Besto","robots":{"index":"index","follow":"follow","max-snippet":"max-snippet:-1","max-image-preview":"max-image-preview:large","max-video-preview":"max-video-preview:-1"},"canonical":"https:\/\/besto.pl\/en\/jak-zabezpieczyc-meble-i-urzadzenia-przed-przeprowadzka-biura\/","og_locale":"en_GB","og_type":"article","og_title":"Jak zabezpieczy\u0107 meble i urz\u0105dzenia przed przeprowadzk\u0105 biura? - Przeprowadzki dom\u00f3w i mieszka\u0144 Warszawa - Besto","og_description":"Przeprowadzki firm w Warszawie \u2013 jak zorganizowa\u0107 je bez stresu i przestoj\u00f3w? Przeprowadzki firm wymagaj\u0105 szczeg\u00f3lnej uwagi, przede wszystkim ze","og_url":"https:\/\/besto.pl\/en\/jak-zabezpieczyc-meble-i-urzadzenia-przed-przeprowadzka-biura\/","og_site_name":"Przeprowadzki dom\u00f3w i mieszka\u0144 Warszawa - Besto","article_published_time":"2025-06-06T09:08:55+00:00","article_modified_time":"2025-06-06T09:09:56+00:00","og_image":[{"width":960,"height":450,"url":"https:\/\/besto.pl\/wp-content\/uploads\/2025\/05\/przeprowadzki-firm-2.webp","type":"image\/webp"}],"author":"admin","twitter_card":"summary_large_image","twitter_misc":{"Written by":"admin","Estimated reading time":"4 minutes"},"schema":{"@context":"https:\/\/schema.org","@graph":[{"@type":"WebPage","@id":"https:\/\/besto.pl\/jak-zabezpieczyc-meble-i-urzadzenia-przed-przeprowadzka-biura\/","url":"https:\/\/besto.pl\/jak-zabezpieczyc-meble-i-urzadzenia-przed-przeprowadzka-biura\/","name":"Jak zabezpieczy\u0107 meble i urz\u0105dzenia przed przeprowadzk\u0105 biura? - Przeprowadzki dom\u00f3w i mieszka\u0144 Warszawa - Besto","isPartOf":{"@id":"https:\/\/besto.pl\/#website"},"primaryImageOfPage":{"@id":"https:\/\/besto.pl\/jak-zabezpieczyc-meble-i-urzadzenia-przed-przeprowadzka-biura\/#primaryimage"},"image":{"@id":"https:\/\/besto.pl\/jak-zabezpieczyc-meble-i-urzadzenia-przed-przeprowadzka-biura\/#primaryimage"},"thumbnailUrl":"https:\/\/besto.pl\/wp-content\/uploads\/2025\/05\/przeprowadzki-firm-2.webp","datePublished":"2025-06-06T09:08:55+00:00","dateModified":"2025-06-06T09:09:56+00:00","author":{"@id":"https:\/\/besto.pl\/#\/schema\/person\/09f1747715a2d56a868cb3d1037124a6"},"breadcrumb":{"@id":"https:\/\/besto.pl\/jak-zabezpieczyc-meble-i-urzadzenia-przed-przeprowadzka-biura\/#breadcrumb"},"inLanguage":"en-GB","potentialAction":[{"@type":"ReadAction","target":["https:\/\/besto.pl\/jak-zabezpieczyc-meble-i-urzadzenia-przed-przeprowadzka-biura\/"]}]},{"@type":"ImageObject","inLanguage":"en-GB","@id":"https:\/\/besto.pl\/jak-zabezpieczyc-meble-i-urzadzenia-przed-przeprowadzka-biura\/#primaryimage","url":"https:\/\/besto.pl\/wp-content\/uploads\/2025\/05\/przeprowadzki-firm-2.webp","contentUrl":"https:\/\/besto.pl\/wp-content\/uploads\/2025\/05\/przeprowadzki-firm-2.webp","width":960,"height":450},{"@type":"BreadcrumbList","@id":"https:\/\/besto.pl\/jak-zabezpieczyc-meble-i-urzadzenia-przed-przeprowadzka-biura\/#breadcrumb","itemListElement":[{"@type":"ListItem","position":1,"name":"Strona g\u0142\u00f3wna","item":"https:\/\/besto.pl\/"},{"@type":"ListItem","position":2,"name":"Jak zabezpieczy\u0107 meble i urz\u0105dzenia przed przeprowadzk\u0105 biura?"}]},{"@type":"WebSite","@id":"https:\/\/besto.pl\/#website","url":"https:\/\/besto.pl\/","name":"Przeprowadzki dom\u00f3w i mieszka\u0144 Warszawa - Besto","description":"Przeprowadzki dom\u00f3w i mieszka\u0144 Warszawa - Besto","potentialAction":[{"@type":"SearchAction","target":{"@type":"EntryPoint","urlTemplate":"https:\/\/besto.pl\/?s={search_term_string}"},"query-input":{"@type":"PropertyValueSpecification","valueRequired":true,"valueName":"search_term_string"}}],"inLanguage":"en-GB"},{"@type":"Person","@id":"https:\/\/besto.pl\/#\/schema\/person\/09f1747715a2d56a868cb3d1037124a6","name":"admin","image":{"@type":"ImageObject","inLanguage":"en-GB","@id":"https:\/\/besto.pl\/#\/schema\/person\/image\/","url":"https:\/\/secure.gravatar.com\/avatar\/5bea336921408be1dacad3354e63f2df2e7a116dcf189962cf1b5b120d66bc9c?s=96&d=mm&r=g","contentUrl":"https:\/\/secure.gravatar.com\/avatar\/5bea336921408be1dacad3354e63f2df2e7a116dcf189962cf1b5b120d66bc9c?s=96&d=mm&r=g","caption":"admin"}}]}},"_links":{"self":[{"href":"https:\/\/besto.pl\/en\/wp-json\/wp\/v2\/posts\/10967","targetHints":{"allow":["GET"]}}],"collection":[{"href":"https:\/\/besto.pl\/en\/wp-json\/wp\/v2\/posts"}],"about":[{"href":"https:\/\/besto.pl\/en\/wp-json\/wp\/v2\/types\/post"}],"author":[{"embeddable":true,"href":"https:\/\/besto.pl\/en\/wp-json\/wp\/v2\/users\/1"}],"replies":[{"embeddable":true,"href":"https:\/\/besto.pl\/en\/wp-json\/wp\/v2\/comments?post=10967"}],"version-history":[{"count":2,"href":"https:\/\/besto.pl\/en\/wp-json\/wp\/v2\/posts\/10967\/revisions"}],"predecessor-version":[{"id":10975,"href":"https:\/\/besto.pl\/en\/wp-json\/wp\/v2\/posts\/10967\/revisions\/10975"}],"wp:featuredmedia":[{"embeddable":true,"href":"https:\/\/besto.pl\/en\/wp-json\/wp\/v2\/media\/10876"}],"wp:attachment":[{"href":"https:\/\/besto.pl\/en\/wp-json\/wp\/v2\/media?parent=10967"}],"wp:term":[{"taxonomy":"category","embeddable":true,"href":"https:\/\/besto.pl\/en\/wp-json\/wp\/v2\/categories?post=10967"},{"taxonomy":"post_tag","embeddable":true,"href":"https:\/\/besto.pl\/en\/wp-json\/wp\/v2\/tags?post=10967"}],"curies":[{"name":"wp","href":"https:\/\/api.w.org\/{rel}","templated":true}]}}