{"id":10958,"date":"2025-06-06T10:41:18","date_gmt":"2025-06-06T10:41:18","guid":{"rendered":"https:\/\/besto.pl\/?p=10958"},"modified":"2025-06-13T08:35:49","modified_gmt":"2025-06-13T08:35:49","slug":"na-co-zwrocic-uwage-przy-wynajmie-magazynu","status":"publish","type":"post","link":"https:\/\/besto.pl\/en\/na-co-zwrocic-uwage-przy-wynajmie-magazynu\/","title":{"rendered":"Na co zwr\u00f3ci\u0107 uwag\u0119 przy wynajmie magazynu?"},"content":{"rendered":"<p><strong>Powierzchnia magazynowa do wynaj\u0119cia<\/strong>\u00a0oferowana jest osobom prywatnym oraz przedsi\u0119biorcom. W pierwszym przypadku\u00a0<strong>wynajem magazynu w Warszawie<\/strong>\u00a0ma sens przy wszelkich wi\u0119kszych przeprowadzkach, generalnych remontach czy d\u0142u\u017cszej nieobecno\u015bci w mieszkaniu i ch\u0119ci zabezpieczenia swojego najcenniejszego mienia. W przypadku firm to z kolei nieodzowny element podczas rozbudowy i modernizacji biura, doskona\u0142e miejsce do przechowywania towar\u00f3w czy infrastruktury, a tak\u017ce spos\u00f3b na sk\u0142adowanie nadwy\u017cki towar\u00f3w albo przedmiot\u00f3w przeznaczonych do mi\u0119dzynarodowego transportu.<\/p>\n<p>Na rynku jest obecnie wiele ofert tego typu, dlatego warto wcze\u015bniej wiedzie\u0107, na co zwr\u00f3ci\u0107 uwag\u0119 przy\u00a0<strong>wynajmie magazynu w Warszawie<\/strong>, aby nie \u017ca\u0142owa\u0107 swojej decyzji.<\/p>\n<h2 id=\"najwazniejsze-kwestie-zwiazane-z-powierzchnia-magazynowa-do-wynajecia\">Najwa\u017cniejsze kwestie zwi\u0105zane z powierzchni\u0105 magazynow\u0105 do wynaj\u0119cia<\/h2>\n<p>Wybieraj\u0105c\u00a0<strong>magazyny na wynajem w Warszawie<\/strong>, najwa\u017cniejsz\u0105 kwesti\u0105 jest sprawdzenie poziomu bezpiecze\u0144stwa. Najlepiej, aby miejsce sk\u0142adowania towar\u00f3w by\u0142o ogrodzone oraz strze\u017cone, np. z pomoc\u0105 nocnego ochroniarza. Takie dzia\u0142ania nie tylko wskazuj\u0105 na zaanga\u017cowanie firmy oferuj\u0105cej przestrze\u0144 magazynow\u0105, ale przek\u0142adaj\u0105 si\u0119 te\u017c na faktycznie wi\u0119ksze bezpiecze\u0144stwo.<\/p>\n<p>Warto rozwa\u017ca\u0107 oferty\u00a0<strong>magazyn\u00f3w do wynaj\u0119cia w Warszawie<\/strong>, kt\u00f3re maj\u0105 jasno sprecyzowan\u0105 ofert\u0119, tak jak marka Besto. Z ofert\u0105 tej firmy mo\u017cna bli\u017cej zapozna\u0107 si\u0119 pod linkiem:\u00a0<a href=\"https:\/\/web.archive.org\/web\/20250317173505mp_\/https:\/\/besto.pl\/magazynowanie\/\">https:\/\/besto.pl\/magazynowanie\/<\/a>. W profesjonalnych firmach ju\u017c na stronie internetowej znajd\u0105 si\u0119 wszystkie niezb\u0119dne dane zwi\u0105zane z miejscem przeznaczonym do przechowywania towar\u00f3w. Szczeg\u00f3lnie wa\u017cne s\u0105 konkretne wymiary pojemnik\u00f3w czy kontener\u00f3w, poniewa\u017c pozwoli to lepiej oszacowa\u0107 potrzebn\u0105 ilo\u015b\u0107 i koszty ich utrzymania.<\/p>\n<p>Dobrze jest te\u017c sprawdzi\u0107, czy w konkretnej ofercie\u00a0<strong>wynajmu magazynu w Warszawie<\/strong>\u00a0rodzaj przechowywanych towar\u00f3w ma jakie\u015b znaczenie. Ostatecznie warto te\u017c doprecyzowa\u0107, do jakich klient\u00f3w skierowana jest oferta \u2013 cz\u0119\u015b\u0107\u00a0<strong>powierzchni magazynowej do wynaj\u0119cia<\/strong>\u00a0dedykowana jest jedynie przedsi\u0119biorstwom.<\/p>\n<h2 id=\"co-mozna-przechowac-w-magazynach-na-wynajem-w-warszawie\">Co mo\u017cna przechowa\u0107 w magazynach na wynajem w Warszawie?<\/h2>\n<p>W dobrze zorganizowanych\u00a0<strong>magazynach do wynaj\u0119cia w Warszawie<\/strong>\u00a0mo\u017cna przechowywa\u0107 ka\u017cdy rodzaj towar\u00f3w. Niezale\u017cnie od tego, czy o ofert\u0119 pyta osoba prywatna, czy w\u0142a\u015bciciel biznesu, magazyn powinien by\u0107 udost\u0119pniony dla:<\/p>\n<ul>\n<li>wszelkiego rodzaju infrastruktury, np. krzese\u0142 czy sto\u0142\u00f3w, kt\u00f3re nale\u017cy gdzie\u015b zgromadzi\u0107 na czas remontu albo przeprowadzki,<\/li>\n<li>sprz\u0119tu AGD i RTV,<\/li>\n<li>dokument\u00f3w, zar\u00f3wno prywatnych, jak i firmowych, w tym archiw\u00f3w,<\/li>\n<li>dowolnych przedmiot\u00f3w znajduj\u0105cych si\u0119 na wyposa\u017ceniu mieszkania albo firmy, wymagaj\u0105cych czasowego przechowania w innym miejscu,<\/li>\n<li>ulotek reklamowych i materia\u0142\u00f3w marketingowych.<\/li>\n<\/ul>\n<p>Zasadniczo\u00a0<strong>magazyny do wynaj\u0119cia w Warszawie<\/strong>\u00a0nie powinny nak\u0142ada\u0107 ogranicze\u0144 zwi\u0105zanych z rodzajem przechowywanych przedmiot\u00f3w, z wyj\u0105tkiem tych powszechnie uwa\u017canych za nielegalne.<\/p>\n<h2 id=\"magazynowanie-cennik-w-warszawie\">Magazynowanie \u2013 cennik w Warszawie<\/h2>\n<p>Najcz\u0119\u015bciej w przypadku\u00a0<strong>magazynowania cennik<\/strong>\u00a0b\u0119dzie obejmowa\u0142 miesi\u0119czny koszt wynaj\u0119cia miejsca lub b\u0119dzie liczony od ilo\u015bci wynaj\u0119tych na w\u0142asne cele kontener\u00f3w. Za miejsce w drewnianych skrzyniach o rozmiarach ok. 2,3 \u00d7 1,25 \u00d7 2,3 m trzeba zap\u0142aci\u0107 ok. 160 z\u0142 netto miesi\u0119cznie, bez wzgl\u0119du na ich ilo\u015b\u0107.<\/p>\n<p>Poza skrzyniami o standardowych wymiarach,\u00a0<strong>magazyny do wynaj\u0119cia w Warszawie<\/strong>\u00a0oferuj\u0105 te\u017c mniejsze pojemniki. W ich przypadku trzeba za\u0142o\u017cy\u0107 ok. 30 z\u0142 netto za m\u00b3. Je\u015bli osoba prywatna b\u0105d\u017a przedsi\u0119biorca potrzebuj\u0105 wi\u0119kszej\u00a0<strong>powierzchni magazynowej do wynaj\u0119cia<\/strong>, cz\u0119sto oferowane s\u0105 te\u017c kontenery morskie, postawione zwykle obok magazynu. Ich obj\u0119to\u015b\u0107 jest ju\u017c znacznie wi\u0119ksza, poniewa\u017c wynosi zazwyczaj ok. 30 m\u00b3.<\/p>","protected":false},"excerpt":{"rendered":"<p>Powierzchnia magazynowa do wynaj\u0119cia\u00a0oferowana jest osobom prywatnym oraz przedsi\u0119biorcom. W pierwszym przypadku\u00a0wynajem magazynu w Warszawie\u00a0ma sens przy wszelkich wi\u0119kszych przeprowadzkach,<\/p>","protected":false},"author":1,"featured_media":10838,"comment_status":"closed","ping_status":"closed","sticky":false,"template":"","format":"standard","meta":{"footnotes":""},"categories":[108],"tags":[],"class_list":["post-10958","post","type-post","status-publish","format-standard","has-post-thumbnail","hentry","category-blog"],"yoast_head":"<!-- This site is optimized with the Yoast SEO plugin v26.1.1 - https:\/\/yoast.com\/wordpress\/plugins\/seo\/ -->\n<title>Na co zwr\u00f3ci\u0107 uwag\u0119 przy wynajmie magazynu? - Przeprowadzki dom\u00f3w i mieszka\u0144 Warszawa - Besto<\/title>\n<meta name=\"robots\" content=\"index, follow, max-snippet:-1, max-image-preview:large, max-video-preview:-1\" \/>\n<link rel=\"canonical\" href=\"https:\/\/besto.pl\/en\/na-co-zwrocic-uwage-przy-wynajmie-magazynu\/\" \/>\n<meta property=\"og:locale\" content=\"en_GB\" \/>\n<meta property=\"og:type\" content=\"article\" \/>\n<meta property=\"og:title\" content=\"Na co zwr\u00f3ci\u0107 uwag\u0119 przy wynajmie magazynu? - Przeprowadzki dom\u00f3w i mieszka\u0144 Warszawa - Besto\" \/>\n<meta property=\"og:description\" content=\"Powierzchnia magazynowa do wynaj\u0119cia\u00a0oferowana jest osobom prywatnym oraz przedsi\u0119biorcom. W pierwszym przypadku\u00a0wynajem magazynu w Warszawie\u00a0ma sens przy wszelkich wi\u0119kszych przeprowadzkach,\" \/>\n<meta property=\"og:url\" content=\"https:\/\/besto.pl\/en\/na-co-zwrocic-uwage-przy-wynajmie-magazynu\/\" \/>\n<meta property=\"og:site_name\" content=\"Przeprowadzki dom\u00f3w i mieszka\u0144 Warszawa - Besto\" \/>\n<meta property=\"article:published_time\" content=\"2025-06-06T10:41:18+00:00\" \/>\n<meta property=\"article:modified_time\" content=\"2025-06-13T08:35:49+00:00\" \/>\n<meta property=\"og:image\" content=\"https:\/\/besto.pl\/wp-content\/uploads\/2025\/05\/magazyn-2.webp\" \/>\n\t<meta property=\"og:image:width\" content=\"768\" \/>\n\t<meta property=\"og:image:height\" content=\"430\" \/>\n\t<meta property=\"og:image:type\" content=\"image\/webp\" \/>\n<meta name=\"author\" content=\"admin\" \/>\n<meta name=\"twitter:card\" content=\"summary_large_image\" \/>\n<meta name=\"twitter:label1\" content=\"Written by\" \/>\n\t<meta name=\"twitter:data1\" content=\"admin\" \/>\n\t<meta name=\"twitter:label2\" content=\"Estimated reading time\" \/>\n\t<meta name=\"twitter:data2\" content=\"4 minutes\" \/>\n<script type=\"application\/ld+json\" class=\"yoast-schema-graph\">{\"@context\":\"https:\/\/schema.org\",\"@graph\":[{\"@type\":\"WebPage\",\"@id\":\"https:\/\/besto.pl\/na-co-zwrocic-uwage-przy-wynajmie-magazynu\/\",\"url\":\"https:\/\/besto.pl\/na-co-zwrocic-uwage-przy-wynajmie-magazynu\/\",\"name\":\"Na co zwr\u00f3ci\u0107 uwag\u0119 przy wynajmie magazynu? - Przeprowadzki dom\u00f3w i mieszka\u0144 Warszawa - Besto\",\"isPartOf\":{\"@id\":\"https:\/\/besto.pl\/#website\"},\"primaryImageOfPage\":{\"@id\":\"https:\/\/besto.pl\/na-co-zwrocic-uwage-przy-wynajmie-magazynu\/#primaryimage\"},\"image\":{\"@id\":\"https:\/\/besto.pl\/na-co-zwrocic-uwage-przy-wynajmie-magazynu\/#primaryimage\"},\"thumbnailUrl\":\"https:\/\/besto.pl\/wp-content\/uploads\/2025\/05\/magazyn-2.webp\",\"datePublished\":\"2025-06-06T10:41:18+00:00\",\"dateModified\":\"2025-06-13T08:35:49+00:00\",\"author\":{\"@id\":\"https:\/\/besto.pl\/#\/schema\/person\/09f1747715a2d56a868cb3d1037124a6\"},\"breadcrumb\":{\"@id\":\"https:\/\/besto.pl\/na-co-zwrocic-uwage-przy-wynajmie-magazynu\/#breadcrumb\"},\"inLanguage\":\"en-GB\",\"potentialAction\":[{\"@type\":\"ReadAction\",\"target\":[\"https:\/\/besto.pl\/na-co-zwrocic-uwage-przy-wynajmie-magazynu\/\"]}]},{\"@type\":\"ImageObject\",\"inLanguage\":\"en-GB\",\"@id\":\"https:\/\/besto.pl\/na-co-zwrocic-uwage-przy-wynajmie-magazynu\/#primaryimage\",\"url\":\"https:\/\/besto.pl\/wp-content\/uploads\/2025\/05\/magazyn-2.webp\",\"contentUrl\":\"https:\/\/besto.pl\/wp-content\/uploads\/2025\/05\/magazyn-2.webp\",\"width\":768,\"height\":430},{\"@type\":\"BreadcrumbList\",\"@id\":\"https:\/\/besto.pl\/na-co-zwrocic-uwage-przy-wynajmie-magazynu\/#breadcrumb\",\"itemListElement\":[{\"@type\":\"ListItem\",\"position\":1,\"name\":\"Strona g\u0142\u00f3wna\",\"item\":\"https:\/\/besto.pl\/\"},{\"@type\":\"ListItem\",\"position\":2,\"name\":\"Na co zwr\u00f3ci\u0107 uwag\u0119 przy wynajmie magazynu?\"}]},{\"@type\":\"WebSite\",\"@id\":\"https:\/\/besto.pl\/#website\",\"url\":\"https:\/\/besto.pl\/\",\"name\":\"Przeprowadzki dom\u00f3w i mieszka\u0144 Warszawa - Besto\",\"description\":\"Przeprowadzki dom\u00f3w i mieszka\u0144 Warszawa - Besto\",\"potentialAction\":[{\"@type\":\"SearchAction\",\"target\":{\"@type\":\"EntryPoint\",\"urlTemplate\":\"https:\/\/besto.pl\/?s={search_term_string}\"},\"query-input\":{\"@type\":\"PropertyValueSpecification\",\"valueRequired\":true,\"valueName\":\"search_term_string\"}}],\"inLanguage\":\"en-GB\"},{\"@type\":\"Person\",\"@id\":\"https:\/\/besto.pl\/#\/schema\/person\/09f1747715a2d56a868cb3d1037124a6\",\"name\":\"admin\",\"image\":{\"@type\":\"ImageObject\",\"inLanguage\":\"en-GB\",\"@id\":\"https:\/\/besto.pl\/#\/schema\/person\/image\/\",\"url\":\"https:\/\/secure.gravatar.com\/avatar\/5bea336921408be1dacad3354e63f2df2e7a116dcf189962cf1b5b120d66bc9c?s=96&d=mm&r=g\",\"contentUrl\":\"https:\/\/secure.gravatar.com\/avatar\/5bea336921408be1dacad3354e63f2df2e7a116dcf189962cf1b5b120d66bc9c?s=96&d=mm&r=g\",\"caption\":\"admin\"}}]}<\/script>\n<!-- \/ Yoast SEO plugin. -->","yoast_head_json":{"title":"Na co zwr\u00f3ci\u0107 uwag\u0119 przy wynajmie magazynu? - Przeprowadzki dom\u00f3w i mieszka\u0144 Warszawa - Besto","robots":{"index":"index","follow":"follow","max-snippet":"max-snippet:-1","max-image-preview":"max-image-preview:large","max-video-preview":"max-video-preview:-1"},"canonical":"https:\/\/besto.pl\/en\/na-co-zwrocic-uwage-przy-wynajmie-magazynu\/","og_locale":"en_GB","og_type":"article","og_title":"Na co zwr\u00f3ci\u0107 uwag\u0119 przy wynajmie magazynu? - Przeprowadzki dom\u00f3w i mieszka\u0144 Warszawa - Besto","og_description":"Powierzchnia magazynowa do wynaj\u0119cia\u00a0oferowana jest osobom prywatnym oraz przedsi\u0119biorcom. W pierwszym przypadku\u00a0wynajem magazynu w Warszawie\u00a0ma sens przy wszelkich wi\u0119kszych przeprowadzkach,","og_url":"https:\/\/besto.pl\/en\/na-co-zwrocic-uwage-przy-wynajmie-magazynu\/","og_site_name":"Przeprowadzki dom\u00f3w i mieszka\u0144 Warszawa - Besto","article_published_time":"2025-06-06T10:41:18+00:00","article_modified_time":"2025-06-13T08:35:49+00:00","og_image":[{"width":768,"height":430,"url":"https:\/\/besto.pl\/wp-content\/uploads\/2025\/05\/magazyn-2.webp","type":"image\/webp"}],"author":"admin","twitter_card":"summary_large_image","twitter_misc":{"Written by":"admin","Estimated reading time":"4 minutes"},"schema":{"@context":"https:\/\/schema.org","@graph":[{"@type":"WebPage","@id":"https:\/\/besto.pl\/na-co-zwrocic-uwage-przy-wynajmie-magazynu\/","url":"https:\/\/besto.pl\/na-co-zwrocic-uwage-przy-wynajmie-magazynu\/","name":"Na co zwr\u00f3ci\u0107 uwag\u0119 przy wynajmie magazynu? - Przeprowadzki dom\u00f3w i mieszka\u0144 Warszawa - Besto","isPartOf":{"@id":"https:\/\/besto.pl\/#website"},"primaryImageOfPage":{"@id":"https:\/\/besto.pl\/na-co-zwrocic-uwage-przy-wynajmie-magazynu\/#primaryimage"},"image":{"@id":"https:\/\/besto.pl\/na-co-zwrocic-uwage-przy-wynajmie-magazynu\/#primaryimage"},"thumbnailUrl":"https:\/\/besto.pl\/wp-content\/uploads\/2025\/05\/magazyn-2.webp","datePublished":"2025-06-06T10:41:18+00:00","dateModified":"2025-06-13T08:35:49+00:00","author":{"@id":"https:\/\/besto.pl\/#\/schema\/person\/09f1747715a2d56a868cb3d1037124a6"},"breadcrumb":{"@id":"https:\/\/besto.pl\/na-co-zwrocic-uwage-przy-wynajmie-magazynu\/#breadcrumb"},"inLanguage":"en-GB","potentialAction":[{"@type":"ReadAction","target":["https:\/\/besto.pl\/na-co-zwrocic-uwage-przy-wynajmie-magazynu\/"]}]},{"@type":"ImageObject","inLanguage":"en-GB","@id":"https:\/\/besto.pl\/na-co-zwrocic-uwage-przy-wynajmie-magazynu\/#primaryimage","url":"https:\/\/besto.pl\/wp-content\/uploads\/2025\/05\/magazyn-2.webp","contentUrl":"https:\/\/besto.pl\/wp-content\/uploads\/2025\/05\/magazyn-2.webp","width":768,"height":430},{"@type":"BreadcrumbList","@id":"https:\/\/besto.pl\/na-co-zwrocic-uwage-przy-wynajmie-magazynu\/#breadcrumb","itemListElement":[{"@type":"ListItem","position":1,"name":"Strona g\u0142\u00f3wna","item":"https:\/\/besto.pl\/"},{"@type":"ListItem","position":2,"name":"Na co zwr\u00f3ci\u0107 uwag\u0119 przy wynajmie magazynu?"}]},{"@type":"WebSite","@id":"https:\/\/besto.pl\/#website","url":"https:\/\/besto.pl\/","name":"Przeprowadzki dom\u00f3w i mieszka\u0144 Warszawa - Besto","description":"Przeprowadzki dom\u00f3w i mieszka\u0144 Warszawa - Besto","potentialAction":[{"@type":"SearchAction","target":{"@type":"EntryPoint","urlTemplate":"https:\/\/besto.pl\/?s={search_term_string}"},"query-input":{"@type":"PropertyValueSpecification","valueRequired":true,"valueName":"search_term_string"}}],"inLanguage":"en-GB"},{"@type":"Person","@id":"https:\/\/besto.pl\/#\/schema\/person\/09f1747715a2d56a868cb3d1037124a6","name":"admin","image":{"@type":"ImageObject","inLanguage":"en-GB","@id":"https:\/\/besto.pl\/#\/schema\/person\/image\/","url":"https:\/\/secure.gravatar.com\/avatar\/5bea336921408be1dacad3354e63f2df2e7a116dcf189962cf1b5b120d66bc9c?s=96&d=mm&r=g","contentUrl":"https:\/\/secure.gravatar.com\/avatar\/5bea336921408be1dacad3354e63f2df2e7a116dcf189962cf1b5b120d66bc9c?s=96&d=mm&r=g","caption":"admin"}}]}},"_links":{"self":[{"href":"https:\/\/besto.pl\/en\/wp-json\/wp\/v2\/posts\/10958","targetHints":{"allow":["GET"]}}],"collection":[{"href":"https:\/\/besto.pl\/en\/wp-json\/wp\/v2\/posts"}],"about":[{"href":"https:\/\/besto.pl\/en\/wp-json\/wp\/v2\/types\/post"}],"author":[{"embeddable":true,"href":"https:\/\/besto.pl\/en\/wp-json\/wp\/v2\/users\/1"}],"replies":[{"embeddable":true,"href":"https:\/\/besto.pl\/en\/wp-json\/wp\/v2\/comments?post=10958"}],"version-history":[{"count":1,"href":"https:\/\/besto.pl\/en\/wp-json\/wp\/v2\/posts\/10958\/revisions"}],"predecessor-version":[{"id":10961,"href":"https:\/\/besto.pl\/en\/wp-json\/wp\/v2\/posts\/10958\/revisions\/10961"}],"wp:featuredmedia":[{"embeddable":true,"href":"https:\/\/besto.pl\/en\/wp-json\/wp\/v2\/media\/10838"}],"wp:attachment":[{"href":"https:\/\/besto.pl\/en\/wp-json\/wp\/v2\/media?parent=10958"}],"wp:term":[{"taxonomy":"category","embeddable":true,"href":"https:\/\/besto.pl\/en\/wp-json\/wp\/v2\/categories?post=10958"},{"taxonomy":"post_tag","embeddable":true,"href":"https:\/\/besto.pl\/en\/wp-json\/wp\/v2\/tags?post=10958"}],"curies":[{"name":"wp","href":"https:\/\/api.w.org\/{rel}","templated":true}]}}